{"id":139,"date":"2023-09-27T09:05:28","date_gmt":"2023-09-27T07:05:28","guid":{"rendered":"https:\/\/catedrapensamientocritico.umh.es\/?p=139"},"modified":"2023-09-27T10:52:22","modified_gmt":"2023-09-27T08:52:22","slug":"ii-torneo-preuniversitario","status":"publish","type":"post","link":"https:\/\/catedrapensamientocritico.umh.es\/ca\/2023\/09\/27\/ii-torneo-preuniversitario\/","title":{"rendered":"<span lang=\"es\">(Espa\u00f1ol) II Torneo preuniversitario organizado por la C\u00e1tedra de Pensamiento Cr\u00edtico<\/span>"},"content":{"rendered":"<p class=\"qtranxs-available-languages-message qtranxs-available-languages-message-ca\">Ho sentim, aquesta entrada es troba disponible \u00fanicament en <a href=\"https:\/\/catedrapensamientocritico.umh.es\/es\/wp-json\/wp\/v2\/posts\/139\" class=\"qtranxs-available-language-link qtranxs-available-language-link-es\" title=\"Espa\u00f1ol\">Espanyol Europeu<\/a>.<\/p>","protected":false},"excerpt":{"rendered":"<p>Ho sentim, aquesta entrada es troba disponible \u00fanicament en Espanyol Europeu.<\/p>\n","protected":false},"author":143,"featured_media":0,"comment_status":"closed","ping_status":"open","sticky":false,"template":"","format":"standard","meta":{"_links_to":"","_links_to_target":""},"categories":[228],"tags":[],"_links":{"self":[{"href":"https:\/\/catedrapensamientocritico.umh.es\/ca\/wp-json\/wp\/v2\/posts\/139"}],"collection":[{"href":"https:\/\/catedrapensamientocritico.umh.es\/ca\/wp-json\/wp\/v2\/posts"}],"about":[{"href":"https:\/\/catedrapensamientocritico.umh.es\/ca\/wp-json\/wp\/v2\/types\/post"}],"author":[{"embeddable":true,"href":"https:\/\/catedrapensamientocritico.umh.es\/ca\/wp-json\/wp\/v2\/users\/143"}],"replies":[{"embeddable":true,"href":"https:\/\/catedrapensamientocritico.umh.es\/ca\/wp-json\/wp\/v2\/comments?post=139"}],"version-history":[{"count":0,"href":"https:\/\/catedrapensamientocritico.umh.es\/ca\/wp-json\/wp\/v2\/posts\/139\/revisions"}],"wp:attachment":[{"href":"https:\/\/catedrapensamientocritico.umh.es\/ca\/wp-json\/wp\/v2\/media?parent=139"}],"wp:term":[{"taxonomy":"category","embeddable":true,"href":"https:\/\/catedrapensamientocritico.umh.es\/ca\/wp-json\/wp\/v2\/categories?post=139"},{"taxonomy":"post_tag","embeddable":true,"href":"https:\/\/catedrapensamientocritico.umh.es\/ca\/wp-json\/wp\/v2\/tags?post=139"}],"curies":[{"name":"wp","href":"https:\/\/api.w.org\/{rel}","templated":true}]}}