{"id":121,"date":"2022-10-27T14:22:36","date_gmt":"2022-10-27T12:22:36","guid":{"rendered":"https:\/\/catedrapensamientocritico.umh.es\/?p=121"},"modified":"2022-10-27T14:25:53","modified_gmt":"2022-10-27T12:25:53","slug":"torneo-de-debate-provincial-en-el-marco-de-la-catedra-de-pensamiento-critico-divina-pastora-dirigido-a-profesionales","status":"publish","type":"post","link":"https:\/\/catedrapensamientocritico.umh.es\/ca\/2022\/10\/27\/torneo-de-debate-provincial-en-el-marco-de-la-catedra-de-pensamiento-critico-divina-pastora-dirigido-a-profesionales\/","title":{"rendered":"<span lang=\"es\">(Espa\u00f1ol) Torneo de debate provincial en el marco de la C\u00e1tedra de Pensamiento Cr\u00edtico Divina Pastora en la UMH (dirigido a profesionales)<\/span>"},"content":{"rendered":"<p class=\"qtranxs-available-languages-message qtranxs-available-languages-message-ca\">Ho sentim, aquesta entrada es troba disponible \u00fanicament en <a href=\"https:\/\/catedrapensamientocritico.umh.es\/es\/wp-json\/wp\/v2\/posts\/121\" class=\"qtranxs-available-language-link qtranxs-available-language-link-es\" title=\"Espa\u00f1ol\">Espanyol Europeu<\/a>.<\/p>","protected":false},"excerpt":{"rendered":"<p>Ho sentim, aquesta entrada es troba disponible \u00fanicament en Espanyol Europeu.<\/p>\n","protected":false},"author":143,"featured_media":0,"comment_status":"closed","ping_status":"open","sticky":false,"template":"","format":"standard","meta":{"_links_to":"","_links_to_target":""},"categories":[1346677],"tags":[1346692,513],"_links":{"self":[{"href":"https:\/\/catedrapensamientocritico.umh.es\/ca\/wp-json\/wp\/v2\/posts\/121"}],"collection":[{"href":"https:\/\/catedrapensamientocritico.umh.es\/ca\/wp-json\/wp\/v2\/posts"}],"about":[{"href":"https:\/\/catedrapensamientocritico.umh.es\/ca\/wp-json\/wp\/v2\/types\/post"}],"author":[{"embeddable":true,"href":"https:\/\/catedrapensamientocritico.umh.es\/ca\/wp-json\/wp\/v2\/users\/143"}],"replies":[{"embeddable":true,"href":"https:\/\/catedrapensamientocritico.umh.es\/ca\/wp-json\/wp\/v2\/comments?post=121"}],"version-history":[{"count":0,"href":"https:\/\/catedrapensamientocritico.umh.es\/ca\/wp-json\/wp\/v2\/posts\/121\/revisions"}],"wp:attachment":[{"href":"https:\/\/catedrapensamientocritico.umh.es\/ca\/wp-json\/wp\/v2\/media?parent=121"}],"wp:term":[{"taxonomy":"category","embeddable":true,"href":"https:\/\/catedrapensamientocritico.umh.es\/ca\/wp-json\/wp\/v2\/categories?post=121"},{"taxonomy":"post_tag","embeddable":true,"href":"https:\/\/catedrapensamientocritico.umh.es\/ca\/wp-json\/wp\/v2\/tags?post=121"}],"curies":[{"name":"wp","href":"https:\/\/api.w.org\/{rel}","templated":true}]}}