{"id":118,"date":"2022-10-27T14:18:26","date_gmt":"2022-10-27T12:18:26","guid":{"rendered":"https:\/\/catedrapensamientocritico.umh.es\/?p=118"},"modified":"2022-10-27T14:21:02","modified_gmt":"2022-10-27T12:21:02","slug":"la-umh-acoge-el-torneo-de-debate-preuniversitario-de-la-catedra-de-pensamiento-critico-divina-pastora","status":"publish","type":"post","link":"https:\/\/catedrapensamientocritico.umh.es\/ca\/2022\/10\/27\/la-umh-acoge-el-torneo-de-debate-preuniversitario-de-la-catedra-de-pensamiento-critico-divina-pastora\/","title":{"rendered":"<span lang=\"es\">(Espa\u00f1ol) La UMH acoge el Torneo de Debate Preuniversitario de la C\u00e1tedra de Pensamiento Cr\u00edtico Divina Pastora<\/span>"},"content":{"rendered":"<p class=\"qtranxs-available-languages-message qtranxs-available-languages-message-ca\">Ho sentim, aquesta entrada es troba disponible \u00fanicament en <a href=\"https:\/\/catedrapensamientocritico.umh.es\/es\/wp-json\/wp\/v2\/posts\/118\" class=\"qtranxs-available-language-link qtranxs-available-language-link-es\" title=\"Espa\u00f1ol\">Espanyol Europeu<\/a>.<\/p>","protected":false},"excerpt":{"rendered":"<p>Ho sentim, aquesta entrada es troba disponible \u00fanicament en Espanyol Europeu.<\/p>\n","protected":false},"author":143,"featured_media":0,"comment_status":"closed","ping_status":"open","sticky":false,"template":"","format":"standard","meta":{"_links_to":"","_links_to_target":""},"categories":[1346677],"tags":[713,431914,1346689,159],"_links":{"self":[{"href":"https:\/\/catedrapensamientocritico.umh.es\/ca\/wp-json\/wp\/v2\/posts\/118"}],"collection":[{"href":"https:\/\/catedrapensamientocritico.umh.es\/ca\/wp-json\/wp\/v2\/posts"}],"about":[{"href":"https:\/\/catedrapensamientocritico.umh.es\/ca\/wp-json\/wp\/v2\/types\/post"}],"author":[{"embeddable":true,"href":"https:\/\/catedrapensamientocritico.umh.es\/ca\/wp-json\/wp\/v2\/users\/143"}],"replies":[{"embeddable":true,"href":"https:\/\/catedrapensamientocritico.umh.es\/ca\/wp-json\/wp\/v2\/comments?post=118"}],"version-history":[{"count":0,"href":"https:\/\/catedrapensamientocritico.umh.es\/ca\/wp-json\/wp\/v2\/posts\/118\/revisions"}],"wp:attachment":[{"href":"https:\/\/catedrapensamientocritico.umh.es\/ca\/wp-json\/wp\/v2\/media?parent=118"}],"wp:term":[{"taxonomy":"category","embeddable":true,"href":"https:\/\/catedrapensamientocritico.umh.es\/ca\/wp-json\/wp\/v2\/categories?post=118"},{"taxonomy":"post_tag","embeddable":true,"href":"https:\/\/catedrapensamientocritico.umh.es\/ca\/wp-json\/wp\/v2\/tags?post=118"}],"curies":[{"name":"wp","href":"https:\/\/api.w.org\/{rel}","templated":true}]}}